{"id":1,"date":"2025-01-14T15:56:46","date_gmt":"2025-01-14T15:56:46","guid":{"rendered":"http:\/\/10.250.9.231\/portales\/74\/ces\/?p=1"},"modified":"2026-03-27T16:44:58","modified_gmt":"2026-03-27T16:44:58","slug":"hola-mundo","status":"publish","type":"post","link":"https:\/\/educacionensalud.imss.gob.mx\/p\/portal\/hola-mundo\/","title":{"rendered":"La docencia como eje para fortalecer la formaci\u00f3n en salud"},"content":{"rendered":"\r\n<p data-start=\"877\" data-end=\"1189\">La docencia representa un componente fundamental para el fortalecimiento de la educaci\u00f3n en salud. A trav\u00e9s de ella, no solo se comparten conocimientos t\u00e9cnicos y metodol\u00f3gicos, sino que tambi\u00e9n se promueve la reflexi\u00f3n, la colaboraci\u00f3n entre \u00e1reas y la construcci\u00f3n de experiencias formativas con mayor impacto.<\/p>\r\n<p data-start=\"1191\" data-end=\"1547\">En el contexto institucional, la docencia permite articular esfuerzos para impulsar procesos de formaci\u00f3n m\u00e1s pertinentes, actualizados y orientados a las necesidades reales de los equipos de trabajo y de la poblaci\u00f3n a la que se brinda atenci\u00f3n. Esto implica reconocer que ense\u00f1ar tambi\u00e9n es una forma de mejorar, innovar y dar continuidad al aprendizaje.<\/p>\r\n<p><img loading=\"lazy\" decoding=\"async\" class=\" wp-image-34161\" src=\"https:\/\/educacionensalud.imss.gob.mx\/p\/portal\/wp-content\/uploads\/2025\/01\/AdobeStock_462506301-scaled.jpeg\" alt=\"\" width=\"435\" height=\"290\" srcset=\"https:\/\/educacionensalud.imss.gob.mx\/p\/portal\/wp-content\/uploads\/2025\/01\/AdobeStock_462506301-scaled.jpeg 2560w, https:\/\/educacionensalud.imss.gob.mx\/p\/portal\/wp-content\/uploads\/2025\/01\/AdobeStock_462506301-768x512.jpeg 768w, https:\/\/educacionensalud.imss.gob.mx\/p\/portal\/wp-content\/uploads\/2025\/01\/AdobeStock_462506301-1536x1024.jpeg 1536w, https:\/\/educacionensalud.imss.gob.mx\/p\/portal\/wp-content\/uploads\/2025\/01\/AdobeStock_462506301-2048x1365.jpeg 2048w\" sizes=\"auto, (max-width: 435px) 100vw, 435px\" \/><\/p>\r\n<p data-start=\"1549\" data-end=\"1790\">Asimismo, los espacios de docencia favorecen la difusi\u00f3n de buenas pr\u00e1cticas, experiencias exitosas, actividades acad\u00e9micas y recursos de apoyo que pueden ser de utilidad para otras divisiones y actores involucrados en la educaci\u00f3n en salud.<\/p>\r\n<p data-start=\"1792\" data-end=\"2059\">Por ello, contar con un espacio de difusi\u00f3n como el blog de la CES representa una oportunidad para visibilizar iniciativas, compartir contenidos de inter\u00e9s y fortalecer una cultura de participaci\u00f3n en torno a la formaci\u00f3n, la actualizaci\u00f3n y el intercambio acad\u00e9mico.<\/p>\r\n<p><img loading=\"lazy\" decoding=\"async\" class=\" wp-image-34163\" src=\"https:\/\/educacionensalud.imss.gob.mx\/p\/portal\/wp-content\/uploads\/2025\/01\/AdobeStock_229674593-scaled.jpeg\" alt=\"\" width=\"653\" height=\"272\" srcset=\"https:\/\/educacionensalud.imss.gob.mx\/p\/portal\/wp-content\/uploads\/2025\/01\/AdobeStock_229674593-scaled.jpeg 2560w, https:\/\/educacionensalud.imss.gob.mx\/p\/portal\/wp-content\/uploads\/2025\/01\/AdobeStock_229674593-768x320.jpeg 768w, https:\/\/educacionensalud.imss.gob.mx\/p\/portal\/wp-content\/uploads\/2025\/01\/AdobeStock_229674593-1536x640.jpeg 1536w, https:\/\/educacionensalud.imss.gob.mx\/p\/portal\/wp-content\/uploads\/2025\/01\/AdobeStock_229674593-2048x853.jpeg 2048w\" sizes=\"auto, (max-width: 653px) 100vw, 653px\" \/><\/p>\r\n<p data-start=\"2061\" data-end=\"2279\">Este tipo de publicaciones puede contribuir a que la docencia tenga mayor presencia institucional y a que las acciones desarrolladas en las distintas divisiones encuentren un canal com\u00fan para proyectarse y compartirse.<\/p>\r\n<p>&nbsp;<\/p>\r\n","protected":false},"excerpt":{"rendered":"<p>La docencia representa un componente fundamental para el fortalecimiento de la educaci\u00f3n en salud. A trav\u00e9s de ella, no solo se comparten conocimientos t\u00e9cnicos y metodol\u00f3gicos, sino que tambi\u00e9n se promueve la reflexi\u00f3n, la colaboraci\u00f3n entre \u00e1reas y la construcci\u00f3n de experiencias formativas con mayor impacto. En el contexto institucional, la docencia permite articular esfuerzos [&hellip;]<\/p>\n","protected":false},"author":1,"featured_media":34056,"comment_status":"open","ping_status":"open","sticky":false,"template":"","format":"standard","meta":{"footnotes":""},"categories":[1],"tags":[24,21,22,23],"categoria_blog":[34],"class_list":["post-1","post","type-post","status-publish","format-standard","has-post-thumbnail","hentry","category-sin-categoria","tag-actualizacion","tag-docencia","tag-educacion-en-salud","tag-formacion","categoria_blog-nota-corta"],"acf":[],"_links":{"self":[{"href":"https:\/\/educacionensalud.imss.gob.mx\/p\/portal\/wp-json\/wp\/v2\/posts\/1","targetHints":{"allow":["GET"]}}],"collection":[{"href":"https:\/\/educacionensalud.imss.gob.mx\/p\/portal\/wp-json\/wp\/v2\/posts"}],"about":[{"href":"https:\/\/educacionensalud.imss.gob.mx\/p\/portal\/wp-json\/wp\/v2\/types\/post"}],"author":[{"embeddable":true,"href":"https:\/\/educacionensalud.imss.gob.mx\/p\/portal\/wp-json\/wp\/v2\/users\/1"}],"replies":[{"embeddable":true,"href":"https:\/\/educacionensalud.imss.gob.mx\/p\/portal\/wp-json\/wp\/v2\/comments?post=1"}],"version-history":[{"count":6,"href":"https:\/\/educacionensalud.imss.gob.mx\/p\/portal\/wp-json\/wp\/v2\/posts\/1\/revisions"}],"predecessor-version":[{"id":34162,"href":"https:\/\/educacionensalud.imss.gob.mx\/p\/portal\/wp-json\/wp\/v2\/posts\/1\/revisions\/34162"}],"wp:featuredmedia":[{"embeddable":true,"href":"https:\/\/educacionensalud.imss.gob.mx\/p\/portal\/wp-json\/wp\/v2\/media\/34056"}],"wp:attachment":[{"href":"https:\/\/educacionensalud.imss.gob.mx\/p\/portal\/wp-json\/wp\/v2\/media?parent=1"}],"wp:term":[{"taxonomy":"category","embeddable":true,"href":"https:\/\/educacionensalud.imss.gob.mx\/p\/portal\/wp-json\/wp\/v2\/categories?post=1"},{"taxonomy":"post_tag","embeddable":true,"href":"https:\/\/educacionensalud.imss.gob.mx\/p\/portal\/wp-json\/wp\/v2\/tags?post=1"},{"taxonomy":"categoria_blog","embeddable":true,"href":"https:\/\/educacionensalud.imss.gob.mx\/p\/portal\/wp-json\/wp\/v2\/categoria_blog?post=1"}],"curies":[{"name":"wp","href":"https:\/\/api.w.org\/{rel}","templated":true}]}}